[{"@context":"https:\/\/schema.org\/","@type":"Article","@id":"https:\/\/www.odpropasti.cz\/prace-ve-vyskach-uz-zadny-problem\/#Article","mainEntityOfPage":"https:\/\/www.odpropasti.cz\/prace-ve-vyskach-uz-zadny-problem\/","headline":"Pr\u00e1ce ve v\u00fd\u0161k\u00e1ch? U\u017e \u017e\u00e1dn\u00fd probl\u00e9m!","name":"Pr\u00e1ce ve v\u00fd\u0161k\u00e1ch? U\u017e \u017e\u00e1dn\u00fd probl\u00e9m!","description":"Tr\u00e1p\u00ed V\u00e1s starost\u00ed s t\u00edm, jak udr\u017eovat fas\u00e1du st\u00e1le v perfektn\u00edm a bezvadn\u00e9m stavu? Pot\u0159ebujete um\u00edstit do v\u00fd\u0161ky reklamu na Va\u0161i firmu? Nebo je t\u0159eba pro\u0159ezat v\u011btve, kter\u00e9 zasahuj\u00ed do <a class=\"read-more\" href=\"https:\/\/www.odpropasti.cz\/prace-ve-vyskach-uz-zadny-problem\/\">\u010c\u00edst d\u00e1le<\/a>","datePublished":"2025-08-13","dateModified":"2025-08-13","author":{"@type":"Person","@id":"https:\/\/www.odpropasti.cz\/author\/#Person","name":"","url":"https:\/\/www.odpropasti.cz\/author\/","identifier":1,"image":{"@type":"ImageObject","@id":"https:\/\/secure.gravatar.com\/avatar\/91b1fc57487c55a66a7777af0dd690bf69c571b4a9b15cda0db8854a78b7888c?s=96&d=mm&r=g","url":"https:\/\/secure.gravatar.com\/avatar\/91b1fc57487c55a66a7777af0dd690bf69c571b4a9b15cda0db8854a78b7888c?s=96&d=mm&r=g","height":96,"width":96}},"publisher":{"@type":"Organization","name":"odpropasti.cz","logo":{"@type":"ImageObject","@id":"\/logo.png","url":"\/logo.png","width":600,"height":60}},"url":"https:\/\/www.odpropasti.cz\/prace-ve-vyskach-uz-zadny-problem\/","wordCount":188,"articleBody":"Tr\u00e1p\u00ed V\u00e1s starost\u00ed s t\u00edm, jak udr\u017eovat fas\u00e1du st\u00e1le v perfektn\u00edm a bezvadn\u00e9m stavu? Pot\u0159ebujete um\u00edstit do v\u00fd\u0161ky reklamu na Va\u0161i firmu? Nebo je t\u0159eba pro\u0159ezat v\u011btve, kter\u00e9 zasahuj\u00ed do elektrick\u00e9ho veden\u00ed? D\u00edky n\u00e1m si s t\u011bmito \u00fakony nemus\u00edte d\u011blat \u017e\u00e1dn\u00e9 starosti. Jen v na\u0161\u00ed p\u016fj\u010dovn\u011b si toti\u017e m\u016f\u017eete velmi snadno a rychle vyp\u016fj\u010dit vysokozdvi\u017en\u00e9 plo\u0161iny, kter\u00e9 V\u00e1m usnadn\u00ed pr\u00e1ci ve v\u00fd\u0161k\u00e1ch. Pro firmy i soukrom\u00e9 osoby Na\u0161e firma se zab\u00fdv\u00e1 p\u016fj\u010dov\u00e1n\u00edm vysokozdvi\u017en\u00fdch plo\u0161in. Tuto zdv\u00edhac\u00ed techniku p\u016fj\u010dujeme za velmi v\u00fdhodn\u00e9 ceny jak firm\u00e1ch a podnikatel\u016fm, tak i soukrom\u00fdm osob\u00e1m. V na\u0161\u00ed nab\u00eddce najdete techniku s r\u016fzn\u00fdmi typy pohon\u016f, proto tuto techniku vyu\u017eijete jak v uzav\u0159en\u00fdch prostor\u00e1ch, tak i na otev\u0159en\u00fdch prostranstv\u00edch. Bli\u017e\u0161\u00ed informace o na\u0161ich za\u0159\u00edzen\u00edch jsou dostupn\u00e9 na na\u0161em internetov\u00e9m port\u00e1le.                                                                                                                                                                                                                                                                                                                                                                                                "},{"@context":"https:\/\/schema.org\/","@type":"BreadcrumbList","itemListElement":[{"@type":"ListItem","position":1,"name":"Pr\u00e1ce ve v\u00fd\u0161k\u00e1ch? U\u017e \u017e\u00e1dn\u00fd probl\u00e9m!","item":"https:\/\/www.odpropasti.cz\/prace-ve-vyskach-uz-zadny-problem\/#breadcrumbitem"}]}]